{"id":53702,"date":"2023-09-30T18:00:51","date_gmt":"2023-09-30T16:00:51","guid":{"rendered":"https:\/\/www.eyebody.com\/?p=53702"},"modified":"2026-04-16T17:07:33","modified_gmt":"2026-04-16T15:07:33","slug":"6-tage-kurs-uckermark-august-2026","status":"publish","type":"post","link":"https:\/\/www.eyebody.com\/de\/6-tage-kurs-uckermark-august-2026\/","title":{"rendered":"6 Tage-Kurs, Uckermark \u2013 August 2026"},"content":{"rendered":"<p><strong>Sechst\u00e4giger Basis-Intensivkurs mit Peter Grunwald<br \/>\n2. \u2013 \u00a08. August \u00a02026<\/strong><br \/>\nSprache: Deutsch<\/p>\n<p><strong>Seminar-Organisation: <\/strong><br \/>\nAnne Olschewski<br \/>\nTelefon: +49 (0)172 431 86 16<br \/>\nE-Mail: office@eyebody.de<\/p>\n<p><strong>Beginn und Ende des Kurses:<\/strong><br \/>\nKursbeginn am ersten Tag um 17 Uhr<br \/>\nKursende am letzten Tag nach dem Mittagessen, ca. 14 Uhr<\/p>\n<p><strong>Seminarort:<\/strong><br \/>\n<a href=\"https:\/\/schluesshof.de\/\" target=\"_blank\" rel=\"noopener\">Schl\u00fc\u00dfhof<\/a>, 17279 Lychen, Uckermark<\/p>\n<p><strong>Kursgeb\u00fchr (zzgl. \u00dcbernachtung\/Vollpension siehe unten):<br \/>\nFr\u00fchbucherpreis bis 15. April 2026: 849,- \u20ac<br \/>\n<\/strong>danach: 969,- \u20ac<\/p>\n<p>&nbsp;<\/p>\n<p><span style=\"color: #ff0000;\"><strong>Dieses Seminar ist ausgebucht.<\/strong><br \/>\n<strong>Wir f\u00fchren eine Warteliste.<\/strong><br \/>\n<\/span><\/p>\n<p><a class=\"button btn-primary\" href=\"https:\/\/www.eyebody.com\/de\/warteliste-eyebody-basiskurs-schluesshof-lychen-2-8-august-2026\/\">Jetzt auf Warteliste eintragen<\/a><\/p>\n<p>&nbsp;<\/p>\n<hr \/>\n<h3>Inhalte auf diesem Intensivkurs:<\/h3>\n<ul>\n<li>Die Grundlagen der EYEBODY Methode angewandt auf K\u00f6rper, Gehirn und Augen<\/li>\n<li>Die Funktionsweise des Sehsystems<\/li>\n<li>Ein Selbstverst\u00e4ndnis ohne Brille entwickeln<\/li>\n<li>Unterschiede von \u00dcberfokus, Unterfokus und Pr\u00e4senz wahrnehmen und erfahren<\/li>\n<li>Wahrnehmungs\u00fcbungen f\u00fcr Gehirn, Augen und K\u00f6rper<\/li>\n<li>Zusammenh\u00e4nge zwischen Sehthemen und Lebensthemen, Gewohnheiten auf den Pr\u00fcfstand stellen<\/li>\n<li>Br\u00fccken zwischen physischem Sehen und Spiritualit\u00e4t bauen<\/li>\n<li>Gelerntes im Alltag praktisch anwenden, z. B. beim Lesen, im Gehen, bei Computerarbeit u.v.m.<\/li>\n<\/ul>\n<p>Fortgeschrittene EYEBODY-\u00dcbende unterst\u00fctzt der Kurs darin, ihre Erfahrungen zu vertiefen. Alle Teilnehmer werden ihrem Wissenstand und \u00dcbungs-Niveau entsprechend unterwiesen und begleitet. Dazu geh\u00f6rt auch eine kompakte Einzelunterweisung im Laufe der Kurswoche.<\/p>\n<hr \/>\n<p><strong>Der Kurs beinhaltet ein intensives, anspruchsvolles ganzt\u00e4giges Programm.<\/strong> Die erste Einheit ist direkt nach dem Fr\u00fchst\u00fcck, die letzte Einheit des Tages nach dem Abendessen. Zwischen den Einheiten sind kurze, nach dem Mittagessen eine l\u00e4ngere Pause von 2 -2 1\/2 Stunden.\u00a0Die Teilnehmer profitieren am meisten durch die Bereitschaft, Gewohntes zu hinterfragen, Widerst\u00e4nde los- und Ver\u00e4nderungen zuzulassen.<\/p>\n<hr \/>\n<h3>Der Schl\u00fc\u00dfhof:<\/h3>\n<p>Der Schl\u00fc\u00dfhof liegt 100 km n\u00f6rdlich von Berlin in der uckerm\u00e4rkischen Seenlandschaft, direkt am Gro\u00dfen Lychen See. Es gibt eine Schwimm-M\u00f6glichkeit direkt vor der Haust\u00fcr. Das Geb\u00e4ude-Ensemble mit historischem Herrenhaus, Dreiseitenhof, Bungalows und Wohnungen ist eingebettet in eine 9 Hektar gro\u00dfe Parklandschaft, die zum Wandern und Baden einl\u00e4dt.<\/p>\n<hr \/>\n<h3>Zimmerbuchung und \u00dcbernachtung:<\/h3>\n<p>Der Schl\u00fc\u00dfhof bietet sechs Seebungalows als DZ oder EZ (Kat A), zwei Parkbungalows (Kat A) und Waldh\u00e4user (Kat A) und \u00a0zahlreiche Einzel-und Doppelzimmer in Wohnungen (Kat B) eigenem Bad\/WC oder Etagenbad. Die Vollpension ist vegetarisch.<\/p>\n<p>Die Buchung des Zimmers wird durch die Kursorganisation erledigt. Die Rechnungsstellung erfolgt mit \u00dcberweisungsaufforderung vom Schl\u00fc\u00dfhof per Mail ca. 2 Wochen vor Seminarbeginn. Daf\u00fcr m\u00fcssen sich alle Teilnehmer mit Adresse und mail \u00fcber einen Link, der rechtzeitig geschickt wird, beim Seminarhaus registrieren.<\/p>\n<p><strong>Die Kosten f\u00fcr 6 \u00dcbernachtungen mit Vollpension betragen je nach Zimmerart und -standard zwischen 1054 \u20ac (Seebungalow\u00a0Kat A als Einzelbelegung, Doppelbelegung 784 \u20ac) und 724,- \u20ac im geteilten DZ Kat B. Einzelbelegung Kat B\u00a0kostet 844 \u20ac f\u00fcr die gesamte Woche inkl. Vollpension.<br \/>\n<\/strong><\/p>\n<hr \/>\n<h3>Kursgeb\u00fchr, Anzahlung und R\u00fccktrittsfristen<\/h3>\n<p>Sie reservieren Ihren Platz mit Zahlung der Kursgeb\u00fchr.<\/p>\n<p>Bei Buchung vor dem 15. April 2026 reicht zur Reservierung Ihres Seminarplatzes eine Anzahlung in H\u00f6he von 149,- \u20ac. Die Restzahlung in H\u00f6he von 700,- \u20ac ist zum 30. Juni 2026 f\u00e4llig. Bei sp\u00e4terer Zahlung erh\u00f6ht sich der Restbetrag auf 820,- \u20ac, da dann der regul\u00e4re Kurspreis zur Anwendung kommt, und ist bis eine Woche vor Kursbeginn zu bezahlen.<\/p>\n<p>Die Zahlung von Kursgeb\u00fchr bzw. Anzahlung ist innerhalb von 7 Tagen nach Buchung f\u00e4llig. Anderenfalls behalten wir uns vor, den Seminarplatz wieder freizugeben, damit dieser Platz f\u00fcr andere Interessenten zur Verf\u00fcgung steht.<\/p>\n<p>Bei R\u00fccktritt vor 15. Juni 2026 wird die Kursgeb\u00fchr <strong>abzgl. 149,- \u20ac Bearbeitungsgeb\u00fchr<\/strong> erstattet. Bei sp\u00e4terem R\u00fccktritt ist der volle Betrag f\u00fcr Kurs und ggf. auch Unterkunft f\u00e4llig, egal ob Sie k\u00fcndigen, sp\u00e4ter kommen oder fr\u00fcher abreisen. Alle Mitteilungen bed\u00fcrfen der Schriftform und m\u00fcssen vor den genannten Fristen eintreffen. Kann jemand von der etwaigen Warteliste den Kursplatz \u00fcbernehmen, wird die Kursgeb\u00fchr abzgl. der Bearbeitungsgeb\u00fchr von 149,- \u20ac erstattet.<\/p>\n<hr \/>\n<h3>Datenschutz:<\/h3>\n<p>Ihre\u00a0pers\u00f6nlichen Daten, welche\u00a0w\u00e4hrend des Bestellprozesses angegeben werden m\u00fcssen, verwenden wir ausschlie\u00dflich f\u00fcr die Organisation dieses\u00a0Kurses und f\u00fcr den Versand von weiteren\u00a0Informationen per E-Mail.<\/p>\n<hr \/>\n<p>&nbsp;<\/p>\n<p>&nbsp;<\/p>\n<p>&nbsp;<\/p>\n<hr \/>\n<h3>Aktuelle Eyebody-Seminare<\/h3>\n<div class=\"seminar-list-wrapper\"><div class=\"listing-item\"><a class=\"title\" href=\"https:\/\/www.eyebody.com\/de\/tageskurs-badboll-2-mai-2026\/\">Tageskurs Bad Boll \u2013 2. Mai 2026<\/a> <span class=\"excerpt-dash\">-<\/span> <span class=\"excerpt\"><strong>Ausgebucht!<\/strong> Eyebody Einf\u00fchrungskurs mit Peter Grunwald | Samstag, 2. Mai 2026 | Bad Boll, Deutschland | Sprache: Deutsch<\/span><\/div><div class=\"listing-item\"><a class=\"title\" href=\"https:\/\/www.eyebody.com\/de\/tageskurs-lindau-3-mai-2026\/\">Tageskurs Lindau \u2013 3. Mai 2026<\/a> <span class=\"excerpt-dash\">-<\/span> <span class=\"excerpt\"><strong>Ausgebucht!<\/strong> Eyebody Einf\u00fchrungskurs mit Peter Grunwald | Sonntag, 3. Mai 2026 | Lindau, Deutschland | Sprache: Deutsch<\/span><\/div><div class=\"listing-item\"><a class=\"title\" href=\"https:\/\/www.eyebody.com\/de\/tageskurs-wien-10-mai-2026\/\">Tageskurs Wien \u2013 10. Mai 2026<\/a> <span class=\"excerpt-dash\">-<\/span> <span class=\"excerpt\">Eyebody Einf\u00fchrungskurs mit Peter Grunwald | Sonntag, 10. Mai 2026 | Wien, \u00d6sterreich | Sprache: Deutsch<\/span><\/div><div class=\"listing-item\"><a class=\"title\" href=\"https:\/\/www.eyebody.com\/de\/6-tage-kurs-oberbayern-juni-2026\/\">6 Tage-Kurs, Oberbayern \u2013 Juni 2026<\/a> <span class=\"excerpt-dash\">-<\/span> <span class=\"excerpt\"><strong>Ausgebucht! Wir f\u00fchren eine Warteliste.<\/strong> 28. Juni \u2013 \u00a04. Juli 2026 | Holzmannstett\/Pfaffing, Deutschland | Sprache: Deutsch<\/span><\/div><div class=\"listing-item\"><a class=\"title\" href=\"https:\/\/www.eyebody.com\/de\/vertiefungskurs-oberbayern-juli-2026\/\">Vertiefungskurs Oberbayern &#8211; Juli 2026<\/a> <span class=\"excerpt-dash\">-<\/span> <span class=\"excerpt\"><strong>Ausgebucht! Wir f\u00fchren eine Warteliste.<\/strong> 6. \u2013 12. Juli 2026 | Holzmannstett\/Pfaffing, Deutschland | Sprache: Deutsch<\/span><\/div><div class=\"listing-item\"><a class=\"title\" href=\"https:\/\/www.eyebody.com\/de\/6-tage-kurs-niedersachsen-juli-2026\/\">6 Tage-Kurs, Niedersachsen \u2013 Juli 2026<\/a> <span class=\"excerpt-dash\">-<\/span> <span class=\"excerpt\"><strong>Ausgebucht! Wir f\u00fchren eine Warteliste.<\/strong> 19. \u2013\u00a0 25. Juli 2026 | Haus Schnede, Salzhausen, Deutschland | Sprache: Deutsch<\/span><\/div><div class=\"listing-item\"><a class=\"title\" href=\"https:\/\/www.eyebody.com\/de\/6-tage-kurs-hohenfels-juli-2026\/\">6 Tage-Kurs, Schloss Hohenfels \u2013 Juli 2026<\/a> <span class=\"excerpt-dash\">-<\/span> <span class=\"excerpt\"><strong>Ausgebucht! Wir f\u00fchren eine Warteliste.<\/strong> 26. Juli \u2013 \u00a01. August 2026 | Schloss Hohenfels, Deutschland | Sprache: Deutsch<\/span><\/div><div class=\"listing-item\"><a class=\"title\" href=\"https:\/\/www.eyebody.com\/de\/6-tage-kurs-uckermark-august-2026\/\">6 Tage-Kurs, Uckermark \u2013 August 2026<\/a> <span class=\"excerpt-dash\">-<\/span> <span class=\"excerpt\"><strong>Ausgebucht! Wir f\u00fchren eine Warteliste.<\/strong> 2. \u2013 \u00a08. August \u00a02026 | Schl\u00fc\u00dfhof Lychen, Deutschland | Sprache: Deutsch<\/span><\/div><div class=\"listing-item\"><a class=\"title\" href=\"https:\/\/www.eyebody.com\/de\/6-tage-kurs-baden-wuerttemberg-august-2026\/\">6 Tage-Kurs, Baden-W\u00fcrttemberg \u2013 August 2026<\/a> <span class=\"excerpt-dash\">-<\/span> <span class=\"excerpt\">13. \u2013 \u00a019. August 2026 | Tuttlingen\/Schwarzwald, Deutschland | Sprache: Deutsch<\/span><\/div><div class=\"listing-item\"><a class=\"title\" href=\"https:\/\/www.eyebody.com\/de\/6-tage-kurs-oesterreich-august-2026\/\">6 Tage-Kurs, \u00d6sterreich \u2013 August 2026<\/a> <span class=\"excerpt-dash\">-<\/span> <span class=\"excerpt\">20. \u2013 26. August 2026 | Hotel des Gl\u00fccks, St. Oswald, Nieder\u00f6sterreich | Sprache: Deutsch<\/span><\/div><div class=\"listing-item\"><a class=\"title\" href=\"https:\/\/www.eyebody.com\/de\/6-day-basis-advanced-retreat-trentino-september-2026\/\">6-Day Basis\/Advanced Retreat, Trentino &#8211; September 2026<\/a> <span class=\"excerpt-dash\">-<\/span> <span class=\"excerpt\"><strong>Fully booked. Waiting list.<\/strong> 31 August \u2013 6 September 2026 | Roncegno (Trento), Italy | Language: English + Italian<\/span><\/div><\/div>\n<p>&nbsp;<\/p>\n","protected":false},"excerpt":{"rendered":"<p><strong>Ausgebucht! Wir f\u00fchren eine Warteliste.<\/strong> 2. \u2013 \u00a08. August \u00a02026 | Schl\u00fc\u00dfhof Lychen, Deutschland | Sprache: Deutsch<\/p>\n","protected":false},"author":161,"featured_media":54057,"comment_status":"closed","ping_status":"closed","sticky":false,"template":"","format":"standard","meta":{"footnotes":""},"categories":[149,146],"tags":[],"class_list":["post-53702","post","type-post","status-publish","format-standard","has-post-thumbnail","hentry","category-6-tage-basiskurse","category-seminare"],"_links":{"self":[{"href":"https:\/\/www.eyebody.com\/de\/wp-json\/wp\/v2\/posts\/53702","targetHints":{"allow":["GET"]}}],"collection":[{"href":"https:\/\/www.eyebody.com\/de\/wp-json\/wp\/v2\/posts"}],"about":[{"href":"https:\/\/www.eyebody.com\/de\/wp-json\/wp\/v2\/types\/post"}],"author":[{"embeddable":true,"href":"https:\/\/www.eyebody.com\/de\/wp-json\/wp\/v2\/users\/161"}],"replies":[{"embeddable":true,"href":"https:\/\/www.eyebody.com\/de\/wp-json\/wp\/v2\/comments?post=53702"}],"version-history":[{"count":4,"href":"https:\/\/www.eyebody.com\/de\/wp-json\/wp\/v2\/posts\/53702\/revisions"}],"predecessor-version":[{"id":65598,"href":"https:\/\/www.eyebody.com\/de\/wp-json\/wp\/v2\/posts\/53702\/revisions\/65598"}],"wp:featuredmedia":[{"embeddable":true,"href":"https:\/\/www.eyebody.com\/de\/wp-json\/wp\/v2\/media\/54057"}],"wp:attachment":[{"href":"https:\/\/www.eyebody.com\/de\/wp-json\/wp\/v2\/media?parent=53702"}],"wp:term":[{"taxonomy":"category","embeddable":true,"href":"https:\/\/www.eyebody.com\/de\/wp-json\/wp\/v2\/categories?post=53702"},{"taxonomy":"post_tag","embeddable":true,"href":"https:\/\/www.eyebody.com\/de\/wp-json\/wp\/v2\/tags?post=53702"}],"curies":[{"name":"wp","href":"https:\/\/api.w.org\/{rel}","templated":true}]}}